{"id":1708,"date":"2015-11-06T11:14:31","date_gmt":"2015-11-06T08:14:31","guid":{"rendered":"http:\/\/www.fafvana.com.tr\/sp\/?p=1708"},"modified":"2021-09-15T15:25:10","modified_gmt":"2021-09-15T12:25:10","slug":"faf-vana-hatira-ormani","status":"publish","type":"post","link":"https:\/\/www.fafvana.com.tr\/sp\/faf-vana-hatira-ormani\/","title":{"rendered":"FAF VANA HATIRA ORMANI"},"content":{"rendered":"<p>FAF VANA Ailesi olarak geleneksel hale getirdi\u011fimiz a\u011fa\u00e7 dikim etkinli\u011fimizi bu y\u0131l da yine bir \u015fenlik havas\u0131nda tamamlad\u0131k.<\/p>\n<p><img decoding=\"async\" loading=\"lazy\" class=\"alignnone size-large wp-image-1709\" src=\"http:\/\/www.fafvana.com.tr\/sp\/wp-content\/uploads\/2017\/12\/969932-1024x790.jpg\" alt=\"\" width=\"1024\" height=\"790\" srcset=\"https:\/\/www.fafvana.com.tr\/sp\/wp-content\/uploads\/2017\/12\/969932-1024x790.jpg 1024w, https:\/\/www.fafvana.com.tr\/sp\/wp-content\/uploads\/2017\/12\/969932-300x232.jpg 300w, https:\/\/www.fafvana.com.tr\/sp\/wp-content\/uploads\/2017\/12\/969932-768x593.jpg 768w\" sizes=\"(max-width: 1024px) 100vw, 1024px\" \/><\/p>\n<p>Ankara \u0130li, Kazan \u0130l\u00e7esi&#8217;nde bulunan FAF VANA HATIRA ORMANI\u2019m\u0131za b\u0131 y\u0131l da Kazan il\u00e7emizin de\u011ferli Kaymakam\u0131 Say\u0131n Murat Duru ve Belediye Ba\u015fkan\u0131m\u0131z Say\u0131n Lokman Ert\u00fcrk\u2019\u00fcn kat\u0131l\u0131mlar\u0131yla 1500 adet fidan daha ekledik.<\/p>\n<p><img decoding=\"async\" loading=\"lazy\" class=\"alignnone size-large wp-image-1710\" src=\"http:\/\/www.fafvana.com.tr\/sp\/wp-content\/uploads\/2017\/12\/391666-1024x660.jpg\" alt=\"\" width=\"1024\" height=\"660\" srcset=\"https:\/\/www.fafvana.com.tr\/sp\/wp-content\/uploads\/2017\/12\/391666-1024x660.jpg 1024w, https:\/\/www.fafvana.com.tr\/sp\/wp-content\/uploads\/2017\/12\/391666-300x193.jpg 300w, https:\/\/www.fafvana.com.tr\/sp\/wp-content\/uploads\/2017\/12\/391666-768x495.jpg 768w\" sizes=\"(max-width: 1024px) 100vw, 1024px\" \/><\/p>\n<p>7\u2019den 70\u2019e b\u00fct\u00fcn FAF VANA ailesi olarak; \u00e7al\u0131\u015fanlar\u0131m\u0131z, bayilerimiz ve i\u015f ortaklar\u0131m\u0131zla gelecek nesillere ye\u015fil bir \u00e7evre b\u0131rakman\u0131n huzurunu payla\u015ft\u0131k ve de\u011ferlerine ba\u011fl\u0131, g\u00fc\u00e7l\u00fc bir marka olman\u0131n hakl\u0131 gurunu, hep birlikte hissettik.<\/p>\n<p><img decoding=\"async\" loading=\"lazy\" class=\"alignnone size-large wp-image-1711\" src=\"http:\/\/www.fafvana.com.tr\/sp\/wp-content\/uploads\/2017\/12\/798357-1024x551.jpg\" alt=\"\" width=\"1024\" height=\"551\" srcset=\"https:\/\/www.fafvana.com.tr\/sp\/wp-content\/uploads\/2017\/12\/798357-1024x551.jpg 1024w, https:\/\/www.fafvana.com.tr\/sp\/wp-content\/uploads\/2017\/12\/798357-300x161.jpg 300w, https:\/\/www.fafvana.com.tr\/sp\/wp-content\/uploads\/2017\/12\/798357-768x413.jpg 768w\" sizes=\"(max-width: 1024px) 100vw, 1024px\" \/><\/p>\n<p>Kulland\u0131\u011f\u0131m\u0131z, do\u011fadan t\u00fcketti\u011fimiz her t\u00fcrl\u00fc ka\u011f\u0131t materyallin kar\u015f\u0131l\u0131\u011f\u0131nda do\u011faya tekrar ye\u015ferecek fidanlar ekiyoruz. Biz biliyoruz ki; i\u00e7inde ya\u015fa\u011f\u0131d\u0131\u011f\u0131m\u0131z do\u011fan\u0131n bir par\u00e7as\u0131y\u0131z ve kendimizi korudu\u011fumuz, geli\u015ftirdi\u011fimiz kadar do\u011fay\u0131 da g\u00f6zetmeliyiz. Bu bilinci ya\u015fatmak ve gelecek nesillere aktarmak i\u00e7in etkinli\u011fimizi, ailemizin b\u00fct\u00fcn fertleriyle hep birlikte yap\u0131yoruz.<\/p>\n<p>Her zaman s\u00f6yledi\u011fimiz gibi,<\/p>\n<p><strong>B\u0130RL\u0130KTE B\u00dcY\u00dcYOR, GELECE\u011eE K\u00d6K SALIYORUZ.<\/strong><\/p>\n","protected":false},"excerpt":{"rendered":"<p>FAF VANA Ailesi olarak geleneksel hale getirdi\u011fimiz a\u011fa\u00e7 dikim etkinli\u011fimizi bu y\u0131l da yine bir \u015fenlik havas\u0131nda tamamlad\u0131k. Ankara \u0130li, Kazan \u0130l\u00e7esi&#8217;nde bulunan FAF VANA HATIRA ORMANI\u2019m\u0131za b\u0131 y\u0131l da Kazan il\u00e7emizin de\u011ferli Kaymakam\u0131 Say\u0131n Murat Duru ve Belediye Ba\u015fkan\u0131m\u0131z Say\u0131n Lokman Ert\u00fcrk\u2019\u00fcn kat\u0131l\u0131mlar\u0131yla 1500 adet fidan daha ekledik. 7\u2019den 70\u2019e b\u00fct\u00fcn FAF VANA ailesi<\/p>\n","protected":false},"author":4,"featured_media":1711,"comment_status":"open","ping_status":"open","sticky":false,"template":"","format":"standard","meta":{"footnotes":""},"categories":[25,3],"tags":[],"aioseo_notices":[],"_links":{"self":[{"href":"https:\/\/www.fafvana.com.tr\/sp\/wp-json\/wp\/v2\/posts\/1708"}],"collection":[{"href":"https:\/\/www.fafvana.com.tr\/sp\/wp-json\/wp\/v2\/posts"}],"about":[{"href":"https:\/\/www.fafvana.com.tr\/sp\/wp-json\/wp\/v2\/types\/post"}],"author":[{"embeddable":true,"href":"https:\/\/www.fafvana.com.tr\/sp\/wp-json\/wp\/v2\/users\/4"}],"replies":[{"embeddable":true,"href":"https:\/\/www.fafvana.com.tr\/sp\/wp-json\/wp\/v2\/comments?post=1708"}],"version-history":[{"count":1,"href":"https:\/\/www.fafvana.com.tr\/sp\/wp-json\/wp\/v2\/posts\/1708\/revisions"}],"predecessor-version":[{"id":1712,"href":"https:\/\/www.fafvana.com.tr\/sp\/wp-json\/wp\/v2\/posts\/1708\/revisions\/1712"}],"wp:featuredmedia":[{"embeddable":true,"href":"https:\/\/www.fafvana.com.tr\/sp\/wp-json\/wp\/v2\/media\/1711"}],"wp:attachment":[{"href":"https:\/\/www.fafvana.com.tr\/sp\/wp-json\/wp\/v2\/media?parent=1708"}],"wp:term":[{"taxonomy":"category","embeddable":true,"href":"https:\/\/www.fafvana.com.tr\/sp\/wp-json\/wp\/v2\/categories?post=1708"},{"taxonomy":"post_tag","embeddable":true,"href":"https:\/\/www.fafvana.com.tr\/sp\/wp-json\/wp\/v2\/tags?post=1708"}],"curies":[{"name":"wp","href":"https:\/\/api.w.org\/{rel}","templated":true}]}}